{"id":8995,"date":"2025-05-04T00:57:17","date_gmt":"2025-05-04T00:57:17","guid":{"rendered":"https:\/\/hebrewithditsa.co.il\/lp\/?p=8995"},"modified":"2025-10-29T05:38:58","modified_gmt":"2025-10-29T05:38:58","slug":"comment-la-perception-du-risque-faconne-nos-choix-modernes-2025","status":"publish","type":"post","link":"https:\/\/hebrewithditsa.co.il\/lp\/comment-la-perception-du-risque-faconne-nos-choix-modernes-2025\/","title":{"rendered":"Comment la perception du risque fa\u00e7onne nos choix modernes 2025"},"content":{"rendered":"<div style=\"margin-bottom: 30px; font-size: 1.2em; line-height: 1.6; color: #34495e;\">\n<p style=\"margin-bottom: 15px;\">La psychologie du risque ne se limite pas \u00e0 l'\u00e9tude de nos r\u00e9actions face \u00e0 des dangers imm\u00e9diats ou hypoth\u00e9tiques. Elle influence profond\u00e9ment nos d\u00e9cisions quotidiennes, nos comportements sociaux et \u00e9conomiques, ainsi que nos r\u00e9ponses face aux d\u00e9fis de notre soci\u00e9t\u00e9. En lien avec l'article <a href=\"https:\/\/dailybusinesspost.com\/comment-la-psychologie-du-risque-faconne-nos-choix-modernes\/\" style=\"color: #2980b9; text-decoration: none;\">Comment la psychologie du risque fa\u00e7onne nos choix modernes<\/a>, nous allons explorer de mani\u00e8re approfondie comment cette perception modelle notre avenir collectif et individuel.<\/p>\n<\/div>\n<div style=\"border-top: 2px solid #bdc3c7; padding-top: 20px;\">\n<h2 style=\"font-size: 1.8em; color: #2c3e50; margin-bottom: 15px;\">Table des mati\u00e8res<\/h2>\n<ul style=\"list-style-type: decimal; padding-left: 20px; font-size: 1em; color: #34495e;\">\n<li style=\"margin-bottom: 10px;\"><a href=\"#perception-sociale\" style=\"color: #2980b9; text-decoration: none;\">La perception du risque dans les interactions sociales<\/a><\/li>\n<li style=\"margin-bottom: 10px;\"><a href=\"#psychologie-eco\" style=\"color: #2980b9; text-decoration: none;\">La psychologie du risque et la prise de d\u00e9cision \u00e9conomique<\/a><\/li>\n<li style=\"margin-bottom: 10px;\"><a href=\"#politiques\" style=\"color: #2980b9; text-decoration: none;\">La gestion du risque dans les politiques publiques et la soci\u00e9t\u00e9 civile<\/a><\/li>\n<li style=\"margin-bottom: 10px;\"><a href=\"#vie-quotidienne\" style=\"color: #2980b9; text-decoration: none;\">La perception du risque dans la vie quotidienne<\/a><\/li>\n<li style=\"margin-bottom: 10px;\"><a href=\"#cohesion\" style=\"color: #2980b9; text-decoration: none;\">La perception du risque et ses effets sur la coh\u00e9sion sociale et \u00e9conomique<\/a><\/li>\n<li style=\"margin-bottom: 10px;\"><a href=\"#risque-collectif\" style=\"color: #2980b9; text-decoration: none;\">Du risque individuel au risque collectif<\/a><\/li>\n<li style=\"margin-bottom: 10px;\"><a href=\"#conclusion\" style=\"color: #2980b9; text-decoration: none;\">Conclusion<\/a><\/li>\n<\/ul>\n<\/div>\n<h2 id=\"perception-sociale\" style=\"font-size: 1.8em; color: #2c3e50; margin-top: 40px; margin-bottom: 15px;\">La perception du risque dans les interactions sociales<\/h2>\n<h3 style=\"font-size: 1.5em; color: #34495e; margin-bottom: 10px;\">Comment la peur de l'exclusion influence nos comportements collectifs<\/h3>\n<p style=\"margin-bottom: 15px;\">Dans la soci\u00e9t\u00e9 fran\u00e7aise, comme ailleurs, la crainte de l'exclusion sociale constitue un puissant moteur de comportement. La peur de se retrouver isol\u00e9 ou marginalis\u00e9 conduit souvent \u00e0 adopter des attitudes conformistes ou \u00e0 \u00e9viter des opinions divergentes, m\u00eame lorsque celles-ci sont l\u00e9gitimes. Par exemple, lors des d\u00e9bats publics ou dans le cadre des r\u00e9seaux sociaux, cette peur peut favoriser la censure ou la suppression de voix dissidentes. Selon une \u00e9tude r\u00e9cente de l'Institut Montaigne, pr\u00e8s de 65 % des Fran\u00e7ais \u00e9vitent d'exprimer leurs opinions pour ne pas risquer d'\u00eatre ostracis\u00e9s. Ce ph\u00e9nom\u00e8ne montre comment la perception du risque d'exclusion influence la dynamique collective et peut freiner le dialogue constructif.<\/p>\n<h3 style=\"font-size: 1.5em; color: #34495e; margin-bottom: 10px;\">Le r\u00f4le de la confiance dans l\u2019\u00e9valuation des risques sociaux<\/h3>\n<p style=\"margin-bottom: 15px;\">La confiance, qu'elle soit envers les institutions ou envers ses proches, joue un r\u00f4le cl\u00e9 dans l\u2019\u00e9valuation des risques sociaux. Lorsqu'une communaut\u00e9 a confiance en ses leaders ou en ses m\u00e9dias, elle tend \u00e0 percevoir les dangers comme moins imminents ou moins graves, ce qui peut r\u00e9duire la panique collective. \u00c0 l'inverse, un d\u00e9ficit de confiance peut alimenter la m\u00e9fiance, la suspicion, voire la propagation de fausses informations, comme cela a \u00e9t\u00e9 observ\u00e9 lors de la crise sanitaire de 2020. En France, la perception du risque li\u00e9 \u00e0 la vaccination ou \u00e0 la crise climatique est fortement influenc\u00e9e par le niveau de confiance envers les acteurs institutionnels et scientifiques.<\/p>\n<h3 style=\"font-size: 1.5em; color: #34495e; margin-bottom: 10px;\">L\u2019impact des m\u00e9dias et des r\u00e9seaux sociaux sur la perception collective du danger<\/h3>\n<p style=\"margin-bottom: 15px;\">Les m\u00e9dias traditionnels et les r\u00e9seaux sociaux fa\u00e7onnent largement la perception du risque dans l\u2019espace public. La diffusion rapide d\u2019informations, parfois non v\u00e9rifi\u00e9es ou sensationnalistes, peut amplifier la peur ou, au contraire, l\u2019att\u00e9nuer de fa\u00e7on erron\u00e9e. En France, la couverture m\u00e9diatique de ph\u00e9nom\u00e8nes tels que la crise migratoire ou le changement climatique influence directement l\u2019opinion publique et ses comportements. Selon une \u00e9tude de l\u2019Observatoire des m\u00e9dias, 72 % des Fran\u00e7ais estiment que les r\u00e9seaux sociaux amplifient la perception des risques, souvent au d\u00e9triment d\u2019une \u00e9valuation rationnelle.<\/p>\n<h2 id=\"psychologie-eco\" style=\"font-size: 1.8em; color: #2c3e50; margin-top: 40px; margin-bottom: 15px;\">La psychologie du risque et la prise de d\u00e9cision \u00e9conomique<\/h2>\n<h3 style=\"font-size: 1.5em; color: #34495e; margin-bottom: 10px;\">Comment la perception du risque modifie nos choix d\u2019investissement et d\u2019\u00e9pargne<\/h3>\n<p style=\"margin-bottom: 15px;\">Les comportements financiers des Fran\u00e7ais sont largement influenc\u00e9s par leur perception du risque. Lorsqu\u2019un march\u00e9 est per\u00e7u comme volatile ou incertain, les investisseurs tendent \u00e0 adopter une posture de prudence, pr\u00e9f\u00e9rant l\u2019\u00e9pargne s\u00e9curis\u00e9e comme le Livret A ou l\u2019assurance-vie, plut\u00f4t que des investissements risqu\u00e9s en bourse. Selon une enqu\u00eate de la Banque de France, durant la crise de 2008 ou la pand\u00e9mie de COVID-19, la tendance \u00e0 privil\u00e9gier la s\u00e9curit\u00e9 a fortement augment\u00e9, illustrant comment la perception du danger \u00e9conomique fa\u00e7onne nos strat\u00e9gies financi\u00e8res.<\/p>\n<h3 style=\"font-size: 1.5em; color: #34495e; margin-bottom: 10px;\">La tendance \u00e0 la pr\u00e9caution face \u00e0 l\u2019incertitude \u00e9conomique<\/h3>\n<p style=\"margin-bottom: 15px;\">L\u2019incertitude \u00e9conomique pousse souvent \u00e0 la pr\u00e9caution, ce qui peut freiner l\u2019innovation ou la consommation. Lors de p\u00e9riodes de crise, comme en 2020, la majorit\u00e9 des m\u00e9nages fran\u00e7ais ont r\u00e9duit leurs d\u00e9penses, favorisant l\u2019\u00e9pargne de pr\u00e9caution. Ce comportement est renforc\u00e9 par la psychologie du risque : face \u00e0 l\u2019impr\u00e9visible, la prudence devient une r\u00e9ponse adaptative, mais elle peut aussi freiner la relance \u00e9conomique si elle devient une norme. La perception du danger \u00e9conomique influence donc non seulement les d\u00e9cisions individuelles, mais aussi la dynamique globale du march\u00e9.<\/p>\n<h3 style=\"font-size: 1.5em; color: #34495e; margin-bottom: 10px;\">La psychologie derri\u00e8re la frugalit\u00e9 ou la consommation impulsive en p\u00e9riode d\u2019instabilit\u00e9<\/h3>\n<p style=\"margin-bottom: 15px;\">En p\u00e9riode d\u2019incertitude, certains adoptent une frugalit\u00e9 extr\u00eame, cherchant \u00e0 r\u00e9duire tout risque financier. D\u2019autres, en revanche, peuvent c\u00e9der \u00e0 l\u2019impulsivit\u00e9 et consommer de fa\u00e7on compulsive pour retrouver un sentiment de contr\u00f4le ou de normalit\u00e9. En France, cette dualit\u00e9 est observable lors des crises \u00e9conomiques ou sanitaires, o\u00f9 la peur de la perte incite certains \u00e0 se serrer la ceinture, tandis que d\u2019autres se tournent vers des achats impulsifs pour compenser leur anxi\u00e9t\u00e9. Ces comportements illustrent comment la perception du risque fa\u00e7onne nos habitudes de consommation \u00e0 l\u2019\u00e9chelle individuelle comme collective.<\/p>\n<h2 id=\"politiques\" style=\"font-size: 1.8em; color: #2c3e50; margin-top: 40px; margin-bottom: 15px;\">La gestion du risque dans les politiques publiques et la soci\u00e9t\u00e9 civile<\/h2>\n<h3 style=\"font-size: 1.5em; color: #34495e; margin-bottom: 10px;\">La communication du risque : entre transparence et alarmisme<\/h3>\n<p style=\"margin-bottom: 15px;\">Les responsables politiques et les institutions doivent trouver un \u00e9quilibre d\u00e9licat entre transparence et alarmisme lorsqu\u2019ils communiquent sur les risques. En France, la gestion de la crise sanitaire a r\u00e9v\u00e9l\u00e9 que la communication trop alarmiste pouvait provoquer une panique, tandis qu\u2019un manque de clart\u00e9 pouvait alimenter la m\u00e9fiance. La cl\u00e9 r\u00e9side dans une information claire, bas\u00e9e sur des donn\u00e9es cr\u00e9dibles, permettant \u00e0 la population de comprendre la gravit\u00e9 sans c\u00e9der \u00e0 la peur irrationnelle. La perception du risque, fa\u00e7onn\u00e9e par cette communication, influence directement le comportement citoyen et la confiance envers les autorit\u00e9s.<\/p>\n<h3 style=\"font-size: 1.5em; color: #34495e; margin-bottom: 10px;\">La perception des risques environnementaux et leur influence sur les politiques \u00e9cologiques<\/h3>\n<p style=\"margin-bottom: 15px;\">Les enjeux environnementaux, tels que le changement climatique ou la pollution, suscitent une perception du risque qui conditionne les politiques publiques. En France, la sensibilisation croissante \u00e0 ces risques a conduit \u00e0 des lois plus strictes sur la r\u00e9duction des \u00e9missions de CO2 ou la pr\u00e9servation de la biodiversit\u00e9. Toutefois, la perception de menace imm\u00e9diate ou lointaine influence la volont\u00e9 politique d\u2019agir. Selon un sondage IFOP, 78 % des Fran\u00e7ais consid\u00e8rent que le climat est une priorit\u00e9, mais la mise en \u0153uvre concr\u00e8te reste d\u00e9pendante de la perception collective du danger et de la pression citoyenne.<\/p>\n<h3 style=\"font-size: 1.5em; color: #34495e; margin-bottom: 10px;\">L\u2019impact de la perception du risque sur la participation citoyenne et la confiance institutionnelle<\/h3>\n<p style=\"margin-bottom: 15px;\">La confiance dans les institutions influence la participation citoyenne aux politiques de gestion des risques. Une perception positive renforce le sentiment d\u2019efficacit\u00e9 et encourage \u00e0 s\u2019engager dans des actions collectives, comme le tri des d\u00e9chets ou la mobilisation lors de crises. \u00c0 l\u2019inverse, une m\u00e9fiance chronique peut entra\u00eener une d\u00e9saffection, voire un rejet des initiatives publiques. En France, la participation citoyenne aux projets environnementaux ou de s\u00e9curit\u00e9 d\u00e9pend fortement de l\u2019image que se font les citoyens de leur capacit\u00e9 \u00e0 g\u00e9rer efficacement ces risques.<\/p>\n<h2 id=\"vie-quotidienne\" style=\"font-size: 1.8em; color: #2c3e50; margin-top: 40px; margin-bottom: 15px;\">La perception du risque dans la vie quotidienne et ses implications sociales<\/h2>\n<h3 style=\"font-size: 1.5em; color: #34495e; margin-bottom: 10px;\">La peur du changement et la r\u00e9sistance aux innovations technologiques<\/h3>\n<p style=\"margin-bottom: 15px;\">En France, comme ailleurs, la crainte face aux innovations technologiques, telles que l\u2019intelligence artificielle ou la robotisation, freine souvent leur adoption. La perception du risque associ\u00e9 \u00e0 la perte d\u2019emplois ou \u00e0 une intrusion dans la vie priv\u00e9e alimente cette r\u00e9sistance. Pourtant, ces technologies offrent un potentiel consid\u00e9rable pour am\u00e9liorer la qualit\u00e9 de vie, mais leur acceptation d\u00e9pend d\u2019une gestion efficace de la perception du danger et de la communication sur leurs b\u00e9n\u00e9fices. La peur du changement, souvent irrationnelle, peut devenir un obstacle majeur \u00e0 l\u2019\u00e9volution sociale.<\/p>\n<h3 style=\"font-size: 1.5em; color: #34495e; margin-bottom: 10px;\">La perception du risque en mati\u00e8re de sant\u00e9 publique et de pr\u00e9vention<\/h3>\n<p style=\"margin-bottom: 15px;\">Les campagnes de pr\u00e9vention, notamment sur la vaccination ou les maladies chroniques, doivent composer avec la perception du risque. En France, la m\u00e9fiance envers certains vaccins ou traitements repose souvent sur une perception exag\u00e9r\u00e9e ou mal inform\u00e9e des dangers. La psychologie du risque montre que la mani\u00e8re dont une information est pr\u00e9sent\u00e9e peut renforcer ou att\u00e9nuer cette perception. Une communication transparente et adapt\u00e9e est essentielle pour encourager des comportements pr\u00e9ventifs efficaces, en particulier face \u00e0 des enjeux de sant\u00e9 publique majeurs.<\/p>\n<h3 style=\"font-size: 1.5em; color: #34495e; margin-bottom: 10px;\">Comportements face \u00e0 l\u2019ins\u00e9curit\u00e9 et la criminalit\u00e9 : une influence psychologique souvent sous-estim\u00e9e<\/h3>\n<p style=\"margin-bottom: 15px;\">La perception de l\u2019ins\u00e9curit\u00e9, souvent amplifi\u00e9e par des m\u00e9dias ou des discours politiques, influence les comportements sociaux. En France, la crainte de la criminalit\u00e9 peut conduire \u00e0 une augmentation des mesures de s\u00e9curit\u00e9 personnelles, comme l\u2019installation de cam\u00e9ras ou la pr\u00e9caution accrue lors de d\u00e9placements nocturnes. Toutefois, cette perception ne correspond pas toujours \u00e0 la r\u00e9alit\u00e9 statistique, soulignant l\u2019\u00e9cart entre peur et danger objectif. La psychologie du risque montre que cette dissonance peut renforcer la m\u00e9fiance ou la parano\u00efa, affectant la coh\u00e9sion sociale.<\/p>\n<h2 id=\"cohesion\" style=\"font-size: 1.8em; color: #2c3e50; margin-top: 40px; margin-bottom: 15px;\">La perception du risque et ses effets sur la coh\u00e9sion sociale et \u00e9conomique<\/h2>\n<h3 style=\"font-size: 1.5em; color: #34495e; margin-bottom: 10px;\">Comment la peur collective peut exacerber les divisions sociales<\/h3>\n<p style=\"margin-bottom: 15px;\">Lorsque la menace per\u00e7ue devient envahissante, elle peut renforcer les divisions sociales, en particulier si certains groupes sont stigmatis\u00e9s ou per\u00e7us comme responsables du danger. En France, la perception du risque li\u00e9 \u00e0 l\u2019immigration, \u00e0 la crise \u00e9conomique ou aux enjeux environnementaux a parfois aliment\u00e9 les tensions intergroupes. La psychologie collective montre que la peur partag\u00e9e peut devenir un facteur de fragmentation, risquant de saper la coh\u00e9sion nationale si elle n\u2019est pas g\u00e9r\u00e9e avec prudence.<\/p>\n<h3 style=\"font-size: 1.5em; color: #34495e; margin-bottom: 10px;\">La gestion des crises : entre rationalit\u00e9 et r\u00e9action \u00e9motionnelle<\/h3>\n<p style=\"margin-bottom: 15px;\">Les r\u00e9ponses \u00e0 une crise, qu\u2019elle soit sanitaire, \u00e9conomique ou sociale, oscillent souvent entre une r\u00e9action rationnelle et une r\u00e9action \u00e9motionnelle. La peur, lorsqu\u2019elle est mal g\u00e9r\u00e9e, peut entra\u00eener des comportements irrationnels, comme la panique ou la fuite en masse. En France, la gestion de la crise du COVID-19 a montr\u00e9 que la communication efficace et la transparence sont essentielles pour maintenir la confiance et \u00e9viter une r\u00e9action \u00e9motionnelle d\u00e9brid\u00e9e. La compr\u00e9hension de la perception du risque permet d\u2019\u00e9laborer des strat\u00e9gies de gestion plus adapt\u00e9es et humaines.<\/p>\n<h3 style=\"font-size: 1.5em; color: #34495e; margin-bottom: 10px;\">La perception du risque comme moteur ou frein \u00e0 l\u2019innovation \u00e9conomique<\/h3>\n<p style=\"margin-bottom: 15px;\">Enfin, la perception du risque influence directement l\u2019innovation. Si une nouvelle technologie ou un projet entrepreneurial est per\u00e7u comme risqu\u00e9, il peut peiner \u00e0 convaincre investisseurs et consommateurs. En France, la r\u00e9glementation stricte sur la s\u00e9curit\u00e9 des produits ou la protection des donn\u00e9es peut freiner des initiatives innovantes, mais elle vise aussi \u00e0 rassurer et \u00e0 r\u00e9duire la perception du danger. La cl\u00e9 r\u00e9side dans l\u2019\u00e9quilibre entre la gestion du risque per\u00e7u et la promotion de l\u2019innovation, pour favoriser un d\u00e9veloppement \u00e9conomique durable.<\/p>\n<h2 id=\"risque-collectif\" style=\"font-size: 1.8em; color: #2c3e50; margin-top: 40px; margin-bottom: 15px;\">Du risque individuel au risque collectif : une dynamique complexe<\/h2>\n<h3 style=\"font-size: 1.5em; color: #34495e; margin-bottom: 10px;\">La psychologie du groupe face au danger : le ph\u00e9nom\u00e8ne de panique ou de calme rationnel<\/h3>\n<p style=\"margin-bottom: 15px;\">Les groupes r\u00e9agissent souvent de mani\u00e8re collective face \u00e0 une menace. La psychologie sociale montre que la panique peut se propager rapidement, comme lors des \u00e9meutes ou des mouvements de masse lors de catastrophes naturelles. Cependant, dans certains contextes, un comportement calme et rationnel peut \u00e9merger, favorisant la coh\u00e9sion et la r\u00e9silience. La perception collective du danger est donc un facteur d\u00e9terminant pour la gestion efficace d\u2019une crise, soulignant l\u2019importance d\u2019une communication adapt\u00e9e et rassurante.<\/p>\n<h3 style=\"font-size: 1.5em; color: #34495e; margin-bottom: 10px;\">La responsabilit\u00e9 individuelle dans la gestion des risques partag\u00e9s<\/h3>\n<p style=\"margin-bottom: 15px;\">La perception du risque collectif repose aussi sur la responsabilit\u00e9 individuelle. En France, la sensibilisation \u00e0 la r\u00e9duction des d\u00e9chets, \u00e0 la consommation responsable ou \u00e0 la s\u00e9curit\u00e9 routi\u00e8re repose sur la conviction que chacun peut agir \u00e0 son niveau. La psychologie du risque montre que l\u2019engagement individuel, lorsqu\u2019il est renforc\u00e9 par une perception claire de son impact, peut devenir un levier puissant pour la transformation sociale.<\/p>\n<h3 style=\"font-size: 1.5em; color: #34495e; margin-bottom: 10px;\">La perception du risque<\/h3>\n","protected":false},"excerpt":{"rendered":"<p>La psychologie du risque ne se limite pas \u00e0 l'\u00e9tude de nos r\u00e9actions face \u00e0 des dangers imm\u00e9diats ou hypoth\u00e9tiques. Elle influence profond\u00e9ment nos d\u00e9cisions quotidiennes, nos comportements sociaux et \u00e9conomiques, ainsi que nos r\u00e9ponses face aux d\u00e9fis de notre soci\u00e9t\u00e9. En lien avec l'article Comment la psychologie du risque fa\u00e7onne nos choix modernes, nous [&hellip;]<\/p>\n","protected":false},"author":1,"featured_media":0,"comment_status":"closed","ping_status":"closed","sticky":false,"template":"","format":"standard","meta":{"_acf_changed":false,"iawp_total_views":0,"footnotes":""},"categories":[1],"tags":[],"class_list":["post-8995","post","type-post","status-publish","format-standard","hentry","category-uncategorized"],"acf":[],"_links":{"self":[{"href":"https:\/\/hebrewithditsa.co.il\/lp\/wp-json\/wp\/v2\/posts\/8995","targetHints":{"allow":["GET"]}}],"collection":[{"href":"https:\/\/hebrewithditsa.co.il\/lp\/wp-json\/wp\/v2\/posts"}],"about":[{"href":"https:\/\/hebrewithditsa.co.il\/lp\/wp-json\/wp\/v2\/types\/post"}],"author":[{"embeddable":true,"href":"https:\/\/hebrewithditsa.co.il\/lp\/wp-json\/wp\/v2\/users\/1"}],"replies":[{"embeddable":true,"href":"https:\/\/hebrewithditsa.co.il\/lp\/wp-json\/wp\/v2\/comments?post=8995"}],"version-history":[{"count":0,"href":"https:\/\/hebrewithditsa.co.il\/lp\/wp-json\/wp\/v2\/posts\/8995\/revisions"}],"wp:attachment":[{"href":"https:\/\/hebrewithditsa.co.il\/lp\/wp-json\/wp\/v2\/media?parent=8995"}],"wp:term":[{"taxonomy":"category","embeddable":true,"href":"https:\/\/hebrewithditsa.co.il\/lp\/wp-json\/wp\/v2\/categories?post=8995"},{"taxonomy":"post_tag","embeddable":true,"href":"https:\/\/hebrewithditsa.co.il\/lp\/wp-json\/wp\/v2\/tags?post=8995"}],"curies":[{"name":"wp","href":"https:\/\/api.w.org\/{rel}","templated":true}]}}